{"id":6,"date":"2022-12-05T19:36:36","date_gmt":"2022-12-05T18:36:36","guid":{"rendered":"http:\/\/lamangriere.wordpress.com\/?p=1"},"modified":"2024-12-02T12:03:18","modified_gmt":"2024-12-02T11:03:18","slug":"presentation","status":"publish","type":"post","link":"https:\/\/xn--lamangrire-66a.fr\/index.php\/2022\/12\/05\/presentation\/","title":{"rendered":""},"content":{"rendered":"\n<figure class=\"wp-block-image size-large\"><img fetchpriority=\"high\" decoding=\"async\" width=\"808\" height=\"434\" src=\"https:\/\/xn--lamangrire-66a.fr\/wp-content\/uploads\/2022\/12\/Logo_2022_LaMangriere.png\" alt=\"\" class=\"wp-image-567\" srcset=\"https:\/\/xn--lamangrire-66a.fr\/wp-content\/uploads\/2022\/12\/Logo_2022_LaMangriere.png 808w, https:\/\/xn--lamangrire-66a.fr\/wp-content\/uploads\/2022\/12\/Logo_2022_LaMangriere-300x161.png 300w, https:\/\/xn--lamangrire-66a.fr\/wp-content\/uploads\/2022\/12\/Logo_2022_LaMangriere-768x413.png 768w, https:\/\/xn--lamangrire-66a.fr\/wp-content\/uploads\/2022\/12\/Logo_2022_LaMangriere-350x188.png 350w\" sizes=\"(max-width: 767px) 89vw, (max-width: 1000px) 54vw, (max-width: 1071px) 543px, 580px\" \/><\/figure>\n\n\n\n<p><span style=\"color: #7d3f31;\">L&rsquo;exploitation de \u00ab\u00a0La Mangri\u00e8re\u00a0\u00bb a \u00e9t\u00e9 cr\u00e9e en 1997 c\u00e9r\u00e9ali\u00e8re au d\u00e9part, l&rsquo;\u00e9levage de volailles d\u00e9bute en 1998. Nous nous trouvons sur la commune de Ferri\u00e8re Lar\u00e7on dans la Touraine du sud.<\/span><br><span style=\"color: #7d3f31;\">Notre ferme a une superficie de 105ha de c\u00e9r\u00e9ales (bl\u00e9, ma\u00efs, colza, f\u00e9verole, soja, sorgho) destin\u00e9es en majeure partie \u00e0 l&rsquo;alimentation de nos volailles. Aujourd&rsquo;hui notre production annuelle est d&rsquo;environ 20000 volailles (poulets, poules, pintades, canes et canards, ainsi que chapons, poulardes, oies et dinde pour les f\u00eates).<\/span><br><span style=\"color: #7d3f31;\">Nous vendons sur plusieurs march\u00e9s de la r\u00e9gion \u00e0 Loches le mercredi et samedi matin, ainsi que Veign\u00e9 le vendredi matin. Mais aussi par l&rsquo;interm\u00e9diaire de diff\u00e9rents revendeurs, magasins, \u00e9piceries, boucheries que vous retrouverez dans l&rsquo;onglet <a href=\"http:\/\/lamangri\u00e8re.fr\/index.php\/points-de-vente\/\">Points de vente<\/a>.<\/span><\/p>\n\n\n\n<p><span style=\"color: #7d3f31;\">Nous sommes soucieux du bien \u00eatre de nos volailles et de l&rsquo;environnement mais aussi et surtout de ce qui arrive dans votre assiette, c&rsquo;est pour cela que nous prenons le temps de les \u00e9lever en plein air.<\/span><\/p>\n","protected":false},"excerpt":{"rendered":"<p>L&rsquo;exploitation de \u00ab\u00a0La Mangri\u00e8re\u00a0\u00bb a \u00e9t\u00e9 cr\u00e9e en 1997 c\u00e9r\u00e9ali\u00e8re au d\u00e9part, l&rsquo;\u00e9levage de volailles d\u00e9bute en 1998. Nous nous trouvons sur la commune de Ferri\u00e8re Lar\u00e7on dans la Touraine du sud.Notre ferme a une superficie de 105ha de c\u00e9r\u00e9ales (bl\u00e9, ma\u00efs, colza, f\u00e9verole, soja, sorgho) destin\u00e9es en majeure partie \u00e0 l&rsquo;alimentation de nos volailles. &hellip; <\/p>\n<p class=\"link-more\"><a href=\"https:\/\/xn--lamangrire-66a.fr\/index.php\/2022\/12\/05\/presentation\/\" class=\"more-link\">Continuer la lecture<span class=\"screen-reader-text\"> de &laquo;&nbsp;&nbsp;&raquo;<\/span><\/a><\/p>\n","protected":false},"author":2,"featured_media":0,"comment_status":"closed","ping_status":"open","sticky":false,"template":"","format":"standard","meta":{"_jetpack_memberships_contains_paid_content":false,"footnotes":""},"categories":[4],"tags":[],"class_list":["post-6","post","type-post","status-publish","format-standard","hentry","category-presentation"],"yoast_head":"<!-- This site is optimized with the Yoast SEO plugin v27.5 - https:\/\/yoast.com\/product\/yoast-seo-wordpress\/ -->\n<title>- La Mangri\u00e8re<\/title>\n<meta name=\"robots\" content=\"index, follow, max-snippet:-1, max-image-preview:large, max-video-preview:-1\" \/>\n<link rel=\"canonical\" href=\"https:\/\/xn--lamangrire-66a.fr\/index.php\/2022\/12\/05\/presentation\/\" \/>\n<meta property=\"og:locale\" content=\"fr_FR\" \/>\n<meta property=\"og:type\" content=\"article\" \/>\n<meta property=\"og:title\" content=\"- La Mangri\u00e8re\" \/>\n<meta property=\"og:description\" content=\"L&rsquo;exploitation de \u00ab\u00a0La Mangri\u00e8re\u00a0\u00bb a \u00e9t\u00e9 cr\u00e9e en 1997 c\u00e9r\u00e9ali\u00e8re au d\u00e9part, l&rsquo;\u00e9levage de volailles d\u00e9bute en 1998. Nous nous trouvons sur la commune de Ferri\u00e8re Lar\u00e7on dans la Touraine du sud.Notre ferme a une superficie de 105ha de c\u00e9r\u00e9ales (bl\u00e9, ma\u00efs, colza, f\u00e9verole, soja, sorgho) destin\u00e9es en majeure partie \u00e0 l&rsquo;alimentation de nos volailles. &hellip; Continuer la lecture de &laquo;&nbsp;&nbsp;&raquo;\" \/>\n<meta property=\"og:url\" content=\"https:\/\/xn--lamangrire-66a.fr\/index.php\/2022\/12\/05\/presentation\/\" \/>\n<meta property=\"og:site_name\" content=\"La Mangri\u00e8re\" \/>\n<meta property=\"article:publisher\" content=\"https:\/\/www.facebook.com\/lamangrierevolaillesfermieres\/\" \/>\n<meta property=\"article:published_time\" content=\"2022-12-05T18:36:36+00:00\" \/>\n<meta property=\"article:modified_time\" content=\"2024-12-02T11:03:18+00:00\" \/>\n<meta property=\"og:image\" content=\"https:\/\/xn--lamangrire-66a.fr\/wp-content\/uploads\/2022\/12\/Logo_2022_LaMangriere.png\" \/>\n\t<meta property=\"og:image:width\" content=\"808\" \/>\n\t<meta property=\"og:image:height\" content=\"434\" \/>\n\t<meta property=\"og:image:type\" content=\"image\/png\" \/>\n<meta name=\"author\" content=\"pawulad\" \/>\n<meta name=\"twitter:card\" content=\"summary_large_image\" \/>\n<meta name=\"twitter:label1\" content=\"\u00c9crit par\" \/>\n\t<meta name=\"twitter:data1\" content=\"pawulad\" \/>\n\t<meta name=\"twitter:label2\" content=\"Dur\u00e9e de lecture estim\u00e9e\" \/>\n\t<meta name=\"twitter:data2\" content=\"1 minute\" \/>\n<script type=\"application\/ld+json\" class=\"yoast-schema-graph\">{\"@context\":\"https:\\\/\\\/schema.org\",\"@graph\":[{\"@type\":\"Article\",\"@id\":\"https:\\\/\\\/xn--lamangrire-66a.fr\\\/index.php\\\/2022\\\/12\\\/05\\\/presentation\\\/#article\",\"isPartOf\":{\"@id\":\"https:\\\/\\\/xn--lamangrire-66a.fr\\\/index.php\\\/2022\\\/12\\\/05\\\/presentation\\\/\"},\"author\":{\"name\":\"pawulad\",\"@id\":\"https:\\\/\\\/xn--lamangrire-66a.fr\\\/#\\\/schema\\\/person\\\/93ad043ab731abb20c7bab81b4b0353a\"},\"headline\":\"Aucun titre\",\"datePublished\":\"2022-12-05T18:36:36+00:00\",\"dateModified\":\"2024-12-02T11:03:18+00:00\",\"mainEntityOfPage\":{\"@id\":\"https:\\\/\\\/xn--lamangrire-66a.fr\\\/index.php\\\/2022\\\/12\\\/05\\\/presentation\\\/\"},\"wordCount\":171,\"publisher\":{\"@id\":\"https:\\\/\\\/xn--lamangrire-66a.fr\\\/#organization\"},\"image\":{\"@id\":\"https:\\\/\\\/xn--lamangrire-66a.fr\\\/index.php\\\/2022\\\/12\\\/05\\\/presentation\\\/#primaryimage\"},\"thumbnailUrl\":\"https:\\\/\\\/xn--lamangrire-66a.fr\\\/wp-content\\\/uploads\\\/2022\\\/12\\\/Logo_2022_LaMangriere.png\",\"articleSection\":[\"Pr\u00e9sentation\"],\"inLanguage\":\"fr-FR\"},{\"@type\":\"WebPage\",\"@id\":\"https:\\\/\\\/xn--lamangrire-66a.fr\\\/index.php\\\/2022\\\/12\\\/05\\\/presentation\\\/\",\"url\":\"https:\\\/\\\/xn--lamangrire-66a.fr\\\/index.php\\\/2022\\\/12\\\/05\\\/presentation\\\/\",\"name\":\"- La Mangri\u00e8re\",\"isPartOf\":{\"@id\":\"https:\\\/\\\/xn--lamangrire-66a.fr\\\/#website\"},\"primaryImageOfPage\":{\"@id\":\"https:\\\/\\\/xn--lamangrire-66a.fr\\\/index.php\\\/2022\\\/12\\\/05\\\/presentation\\\/#primaryimage\"},\"image\":{\"@id\":\"https:\\\/\\\/xn--lamangrire-66a.fr\\\/index.php\\\/2022\\\/12\\\/05\\\/presentation\\\/#primaryimage\"},\"thumbnailUrl\":\"https:\\\/\\\/xn--lamangrire-66a.fr\\\/wp-content\\\/uploads\\\/2022\\\/12\\\/Logo_2022_LaMangriere.png\",\"datePublished\":\"2022-12-05T18:36:36+00:00\",\"dateModified\":\"2024-12-02T11:03:18+00:00\",\"inLanguage\":\"fr-FR\",\"potentialAction\":[{\"@type\":\"ReadAction\",\"target\":[\"https:\\\/\\\/xn--lamangrire-66a.fr\\\/index.php\\\/2022\\\/12\\\/05\\\/presentation\\\/\"]}]},{\"@type\":\"ImageObject\",\"inLanguage\":\"fr-FR\",\"@id\":\"https:\\\/\\\/xn--lamangrire-66a.fr\\\/index.php\\\/2022\\\/12\\\/05\\\/presentation\\\/#primaryimage\",\"url\":\"https:\\\/\\\/xn--lamangrire-66a.fr\\\/wp-content\\\/uploads\\\/2022\\\/12\\\/Logo_2022_LaMangriere.png\",\"contentUrl\":\"https:\\\/\\\/xn--lamangrire-66a.fr\\\/wp-content\\\/uploads\\\/2022\\\/12\\\/Logo_2022_LaMangriere.png\",\"width\":808,\"height\":434},{\"@type\":\"WebSite\",\"@id\":\"https:\\\/\\\/xn--lamangrire-66a.fr\\\/#website\",\"url\":\"https:\\\/\\\/xn--lamangrire-66a.fr\\\/\",\"name\":\"La Mangri\u00e8re\",\"description\":\"Volailles Fermi\u00e8res\",\"publisher\":{\"@id\":\"https:\\\/\\\/xn--lamangrire-66a.fr\\\/#organization\"},\"potentialAction\":[{\"@type\":\"SearchAction\",\"target\":{\"@type\":\"EntryPoint\",\"urlTemplate\":\"https:\\\/\\\/xn--lamangrire-66a.fr\\\/?s={search_term_string}\"},\"query-input\":{\"@type\":\"PropertyValueSpecification\",\"valueRequired\":true,\"valueName\":\"search_term_string\"}}],\"inLanguage\":\"fr-FR\"},{\"@type\":\"Organization\",\"@id\":\"https:\\\/\\\/xn--lamangrire-66a.fr\\\/#organization\",\"name\":\"La Mangri\u00e8re\",\"url\":\"https:\\\/\\\/xn--lamangrire-66a.fr\\\/\",\"logo\":{\"@type\":\"ImageObject\",\"inLanguage\":\"fr-FR\",\"@id\":\"https:\\\/\\\/xn--lamangrire-66a.fr\\\/#\\\/schema\\\/logo\\\/image\\\/\",\"url\":\"https:\\\/\\\/xn--lamangrire-66a.fr\\\/wp-content\\\/uploads\\\/2018\\\/02\\\/maison5-rc3a9duit-e1588015501561.jpg\",\"contentUrl\":\"https:\\\/\\\/xn--lamangrire-66a.fr\\\/wp-content\\\/uploads\\\/2018\\\/02\\\/maison5-rc3a9duit-e1588015501561.jpg\",\"width\":100,\"height\":54,\"caption\":\"La Mangri\u00e8re\"},\"image\":{\"@id\":\"https:\\\/\\\/xn--lamangrire-66a.fr\\\/#\\\/schema\\\/logo\\\/image\\\/\"},\"sameAs\":[\"https:\\\/\\\/www.facebook.com\\\/lamangrierevolaillesfermieres\\\/\"]},{\"@type\":\"Person\",\"@id\":\"https:\\\/\\\/xn--lamangrire-66a.fr\\\/#\\\/schema\\\/person\\\/93ad043ab731abb20c7bab81b4b0353a\",\"name\":\"pawulad\"}]}<\/script>\n<!-- \/ Yoast SEO plugin. -->","yoast_head_json":{"title":"- La Mangri\u00e8re","robots":{"index":"index","follow":"follow","max-snippet":"max-snippet:-1","max-image-preview":"max-image-preview:large","max-video-preview":"max-video-preview:-1"},"canonical":"https:\/\/xn--lamangrire-66a.fr\/index.php\/2022\/12\/05\/presentation\/","og_locale":"fr_FR","og_type":"article","og_title":"- La Mangri\u00e8re","og_description":"L&rsquo;exploitation de \u00ab\u00a0La Mangri\u00e8re\u00a0\u00bb a \u00e9t\u00e9 cr\u00e9e en 1997 c\u00e9r\u00e9ali\u00e8re au d\u00e9part, l&rsquo;\u00e9levage de volailles d\u00e9bute en 1998. Nous nous trouvons sur la commune de Ferri\u00e8re Lar\u00e7on dans la Touraine du sud.Notre ferme a une superficie de 105ha de c\u00e9r\u00e9ales (bl\u00e9, ma\u00efs, colza, f\u00e9verole, soja, sorgho) destin\u00e9es en majeure partie \u00e0 l&rsquo;alimentation de nos volailles. &hellip; Continuer la lecture de &laquo;&nbsp;&nbsp;&raquo;","og_url":"https:\/\/xn--lamangrire-66a.fr\/index.php\/2022\/12\/05\/presentation\/","og_site_name":"La Mangri\u00e8re","article_publisher":"https:\/\/www.facebook.com\/lamangrierevolaillesfermieres\/","article_published_time":"2022-12-05T18:36:36+00:00","article_modified_time":"2024-12-02T11:03:18+00:00","og_image":[{"width":808,"height":434,"url":"https:\/\/xn--lamangrire-66a.fr\/wp-content\/uploads\/2022\/12\/Logo_2022_LaMangriere.png","type":"image\/png"}],"author":"pawulad","twitter_card":"summary_large_image","twitter_misc":{"\u00c9crit par":"pawulad","Dur\u00e9e de lecture estim\u00e9e":"1 minute"},"schema":{"@context":"https:\/\/schema.org","@graph":[{"@type":"Article","@id":"https:\/\/xn--lamangrire-66a.fr\/index.php\/2022\/12\/05\/presentation\/#article","isPartOf":{"@id":"https:\/\/xn--lamangrire-66a.fr\/index.php\/2022\/12\/05\/presentation\/"},"author":{"name":"pawulad","@id":"https:\/\/xn--lamangrire-66a.fr\/#\/schema\/person\/93ad043ab731abb20c7bab81b4b0353a"},"headline":"Aucun titre","datePublished":"2022-12-05T18:36:36+00:00","dateModified":"2024-12-02T11:03:18+00:00","mainEntityOfPage":{"@id":"https:\/\/xn--lamangrire-66a.fr\/index.php\/2022\/12\/05\/presentation\/"},"wordCount":171,"publisher":{"@id":"https:\/\/xn--lamangrire-66a.fr\/#organization"},"image":{"@id":"https:\/\/xn--lamangrire-66a.fr\/index.php\/2022\/12\/05\/presentation\/#primaryimage"},"thumbnailUrl":"https:\/\/xn--lamangrire-66a.fr\/wp-content\/uploads\/2022\/12\/Logo_2022_LaMangriere.png","articleSection":["Pr\u00e9sentation"],"inLanguage":"fr-FR"},{"@type":"WebPage","@id":"https:\/\/xn--lamangrire-66a.fr\/index.php\/2022\/12\/05\/presentation\/","url":"https:\/\/xn--lamangrire-66a.fr\/index.php\/2022\/12\/05\/presentation\/","name":"- La Mangri\u00e8re","isPartOf":{"@id":"https:\/\/xn--lamangrire-66a.fr\/#website"},"primaryImageOfPage":{"@id":"https:\/\/xn--lamangrire-66a.fr\/index.php\/2022\/12\/05\/presentation\/#primaryimage"},"image":{"@id":"https:\/\/xn--lamangrire-66a.fr\/index.php\/2022\/12\/05\/presentation\/#primaryimage"},"thumbnailUrl":"https:\/\/xn--lamangrire-66a.fr\/wp-content\/uploads\/2022\/12\/Logo_2022_LaMangriere.png","datePublished":"2022-12-05T18:36:36+00:00","dateModified":"2024-12-02T11:03:18+00:00","inLanguage":"fr-FR","potentialAction":[{"@type":"ReadAction","target":["https:\/\/xn--lamangrire-66a.fr\/index.php\/2022\/12\/05\/presentation\/"]}]},{"@type":"ImageObject","inLanguage":"fr-FR","@id":"https:\/\/xn--lamangrire-66a.fr\/index.php\/2022\/12\/05\/presentation\/#primaryimage","url":"https:\/\/xn--lamangrire-66a.fr\/wp-content\/uploads\/2022\/12\/Logo_2022_LaMangriere.png","contentUrl":"https:\/\/xn--lamangrire-66a.fr\/wp-content\/uploads\/2022\/12\/Logo_2022_LaMangriere.png","width":808,"height":434},{"@type":"WebSite","@id":"https:\/\/xn--lamangrire-66a.fr\/#website","url":"https:\/\/xn--lamangrire-66a.fr\/","name":"La Mangri\u00e8re","description":"Volailles Fermi\u00e8res","publisher":{"@id":"https:\/\/xn--lamangrire-66a.fr\/#organization"},"potentialAction":[{"@type":"SearchAction","target":{"@type":"EntryPoint","urlTemplate":"https:\/\/xn--lamangrire-66a.fr\/?s={search_term_string}"},"query-input":{"@type":"PropertyValueSpecification","valueRequired":true,"valueName":"search_term_string"}}],"inLanguage":"fr-FR"},{"@type":"Organization","@id":"https:\/\/xn--lamangrire-66a.fr\/#organization","name":"La Mangri\u00e8re","url":"https:\/\/xn--lamangrire-66a.fr\/","logo":{"@type":"ImageObject","inLanguage":"fr-FR","@id":"https:\/\/xn--lamangrire-66a.fr\/#\/schema\/logo\/image\/","url":"https:\/\/xn--lamangrire-66a.fr\/wp-content\/uploads\/2018\/02\/maison5-rc3a9duit-e1588015501561.jpg","contentUrl":"https:\/\/xn--lamangrire-66a.fr\/wp-content\/uploads\/2018\/02\/maison5-rc3a9duit-e1588015501561.jpg","width":100,"height":54,"caption":"La Mangri\u00e8re"},"image":{"@id":"https:\/\/xn--lamangrire-66a.fr\/#\/schema\/logo\/image\/"},"sameAs":["https:\/\/www.facebook.com\/lamangrierevolaillesfermieres\/"]},{"@type":"Person","@id":"https:\/\/xn--lamangrire-66a.fr\/#\/schema\/person\/93ad043ab731abb20c7bab81b4b0353a","name":"pawulad"}]}},"jetpack_featured_media_url":"","jetpack_sharing_enabled":true,"_links":{"self":[{"href":"https:\/\/xn--lamangrire-66a.fr\/index.php\/wp-json\/wp\/v2\/posts\/6","targetHints":{"allow":["GET"]}}],"collection":[{"href":"https:\/\/xn--lamangrire-66a.fr\/index.php\/wp-json\/wp\/v2\/posts"}],"about":[{"href":"https:\/\/xn--lamangrire-66a.fr\/index.php\/wp-json\/wp\/v2\/types\/post"}],"author":[{"embeddable":true,"href":"https:\/\/xn--lamangrire-66a.fr\/index.php\/wp-json\/wp\/v2\/users\/2"}],"replies":[{"embeddable":true,"href":"https:\/\/xn--lamangrire-66a.fr\/index.php\/wp-json\/wp\/v2\/comments?post=6"}],"version-history":[{"count":2,"href":"https:\/\/xn--lamangrire-66a.fr\/index.php\/wp-json\/wp\/v2\/posts\/6\/revisions"}],"predecessor-version":[{"id":568,"href":"https:\/\/xn--lamangrire-66a.fr\/index.php\/wp-json\/wp\/v2\/posts\/6\/revisions\/568"}],"wp:attachment":[{"href":"https:\/\/xn--lamangrire-66a.fr\/index.php\/wp-json\/wp\/v2\/media?parent=6"}],"wp:term":[{"taxonomy":"category","embeddable":true,"href":"https:\/\/xn--lamangrire-66a.fr\/index.php\/wp-json\/wp\/v2\/categories?post=6"},{"taxonomy":"post_tag","embeddable":true,"href":"https:\/\/xn--lamangrire-66a.fr\/index.php\/wp-json\/wp\/v2\/tags?post=6"}],"curies":[{"name":"wp","href":"https:\/\/api.w.org\/{rel}","templated":true}]}}